{"id":3341,"date":"2021-02-03T10:46:28","date_gmt":"2021-02-03T10:46:28","guid":{"rendered":"https:\/\/truyol.com\/blog\/?p=3341"},"modified":"2024-09-23T14:57:05","modified_gmt":"2024-09-23T12:57:05","slug":"tres-pasos-para-crear-una-dulce-y-exitosa-campana-de-san-valentin","status":"publish","type":"post","link":"https:\/\/truyol.com\/blog\/tres-pasos-para-crear-una-dulce-y-exitosa-campana-de-san-valentin\/","title":{"rendered":"Tres pasos para crear una dulce y exitosa campa\u00f1a de San Valent\u00edn"},"content":{"rendered":"\t\t<div data-elementor-type=\"wp-post\" data-elementor-id=\"3341\" class=\"elementor elementor-3341\">\n\t\t\t\t\t\t<section class=\"elementor-section elementor-top-section elementor-element elementor-element-5ab3668 elementor-section-boxed elementor-section-height-default elementor-section-height-default\" data-id=\"5ab3668\" data-element_type=\"section\">\n\t\t\t\t\t\t<div class=\"elementor-container elementor-column-gap-default\">\n\t\t\t\t\t<div class=\"elementor-column elementor-col-100 elementor-top-column elementor-element elementor-element-6a30c57\" data-id=\"6a30c57\" data-element_type=\"column\">\n\t\t\t<div class=\"elementor-widget-wrap elementor-element-populated\">\n\t\t\t\t\t\t<div class=\"elementor-element elementor-element-28517d3 elementor-widget elementor-widget-heading\" data-id=\"28517d3\" data-element_type=\"widget\" data-widget_type=\"heading.default\">\n\t\t\t\t<div class=\"elementor-widget-container\">\n\t\t\t\t\t<h2 class=\"elementor-heading-title elementor-size-default\">Tenemos una buena noticia para los comercios: El amor obnubila la raz\u00f3n. Podr\u00eda ser el motivo por el que la campa\u00f1a de San Valent\u00edn es una de las que mejores resultados de facturaci\u00f3n reportan, especialmente para sectores como el de florister\u00eda, joyer\u00eda, lencer\u00eda, horeca o perfumer\u00eda. Este a\u00f1o vivimos una semana del amor at\u00edpica por la pandemia por Covid-19 pero no por eso se deja de festejar. <\/h2>\t\t\t\t<\/div>\n\t\t\t\t<\/div>\n\t\t\t\t\t<\/div>\n\t\t<\/div>\n\t\t\t\t\t<\/div>\n\t\t<\/section>\n\t\t\t\t<section class=\"elementor-section elementor-top-section elementor-element elementor-element-06c46e6 elementor-section-boxed elementor-section-height-default elementor-section-height-default\" data-id=\"06c46e6\" data-element_type=\"section\">\n\t\t\t\t\t\t<div class=\"elementor-container elementor-column-gap-default\">\n\t\t\t\t\t<div class=\"elementor-column elementor-col-100 elementor-top-column elementor-element elementor-element-078822d\" data-id=\"078822d\" data-element_type=\"column\">\n\t\t\t<div class=\"elementor-widget-wrap elementor-element-populated\">\n\t\t\t\t\t\t<div class=\"elementor-element elementor-element-a5ce40b elementor-widget elementor-widget-text-editor\" data-id=\"a5ce40b\" data-element_type=\"widget\" data-widget_type=\"text-editor.default\">\n\t\t\t\t<div class=\"elementor-widget-container\">\n\t\t\t\t\t\t\t\t\t<p>Este a\u00f1o los t\u00edpicos planes de San Valent\u00edn no se podr\u00e1n celebrar: una cena rom\u00e1ntica en su restaurante preferido, una escapada de fin de semana a Par\u00eds o una casita rural con jacuzzi en plena naturaleza. Esto derivar\u00e1 las compras de ciertos productos con muchos corazones a otros negocios y las pasteler\u00edas son, muchas veces, un salvavidas (o salva relaciones) para los m\u00e1s despistados y para los m\u00e1s golosos.<strong>\u00a0<\/strong><\/p>\t\t\t\t\t\t\t\t<\/div>\n\t\t\t\t<\/div>\n\t\t\t\t\t<\/div>\n\t\t<\/div>\n\t\t\t\t\t<\/div>\n\t\t<\/section>\n\t\t\t\t<section class=\"elementor-section elementor-top-section elementor-element elementor-element-ab49255 elementor-section-boxed elementor-section-height-default elementor-section-height-default\" data-id=\"ab49255\" data-element_type=\"section\">\n\t\t\t\t\t\t<div class=\"elementor-container elementor-column-gap-default\">\n\t\t\t\t\t<div class=\"elementor-column elementor-col-100 elementor-top-column elementor-element elementor-element-73e051b\" data-id=\"73e051b\" data-element_type=\"column\">\n\t\t\t<div class=\"elementor-widget-wrap elementor-element-populated\">\n\t\t\t\t\t\t<div class=\"elementor-element elementor-element-0c47090 elementor-widget elementor-widget-text-editor\" data-id=\"0c47090\" data-element_type=\"widget\" data-widget_type=\"text-editor.default\">\n\t\t\t\t<div class=\"elementor-widget-container\">\n\t\t\t\t\t\t\t\t\t<p><strong>La campa\u00f1a de San Valent\u00edn es una oportunidad para aumentar las ventas de los retailers,<\/strong> es una de las fechas m\u00e1s comerciales en el c\u00f3mputo global del a\u00f1o, junto a la campa\u00f1a de Navidad, el d\u00eda de la Madre y del Padre. El inconveniente es que es tan fugaz \u2013 se concentra en un periodo de dos semanas- que debemos exprimirla al m\u00e1ximo. <strong>Te damos las claves para sacarle el m\u00e1ximo provecho<\/strong> a las oportunidades que te brinda la campa\u00f1a de San Valent\u00edn a trav\u00e9s de una pasteler\u00eda ficticia.<\/p>\t\t\t\t\t\t\t\t<\/div>\n\t\t\t\t<\/div>\n\t\t\t\t\t<\/div>\n\t\t<\/div>\n\t\t\t\t\t<\/div>\n\t\t<\/section>\n\t\t\t\t<section class=\"elementor-section elementor-top-section elementor-element elementor-element-4a78132 elementor-section-boxed elementor-section-height-default elementor-section-height-default\" data-id=\"4a78132\" data-element_type=\"section\">\n\t\t\t\t\t\t<div class=\"elementor-container elementor-column-gap-default\">\n\t\t\t\t\t<div class=\"elementor-column elementor-col-100 elementor-top-column elementor-element elementor-element-7be6068\" data-id=\"7be6068\" data-element_type=\"column\">\n\t\t\t<div class=\"elementor-widget-wrap elementor-element-populated\">\n\t\t\t\t\t\t<div class=\"elementor-element elementor-element-c785b6d elementor-widget elementor-widget-text-editor\" data-id=\"c785b6d\" data-element_type=\"widget\" data-widget_type=\"text-editor.default\">\n\t\t\t\t<div class=\"elementor-widget-container\">\n\t\t\t\t\t\t\t\t\t<h2>1.- El efecto <em>Love is in the air:<\/em> Decora tu negocio de San Valent\u00edn.<\/h2>\t\t\t\t\t\t\t\t<\/div>\n\t\t\t\t<\/div>\n\t\t\t\t\t<\/div>\n\t\t<\/div>\n\t\t\t\t\t<\/div>\n\t\t<\/section>\n\t\t\t\t<section class=\"elementor-section elementor-top-section elementor-element elementor-element-56ab42c elementor-section-boxed elementor-section-height-default elementor-section-height-default\" data-id=\"56ab42c\" data-element_type=\"section\">\n\t\t\t\t\t\t<div class=\"elementor-container elementor-column-gap-default\">\n\t\t\t\t\t<div class=\"elementor-column elementor-col-100 elementor-top-column elementor-element elementor-element-f06213b\" data-id=\"f06213b\" data-element_type=\"column\">\n\t\t\t<div class=\"elementor-widget-wrap elementor-element-populated\">\n\t\t\t\t\t\t<div class=\"elementor-element elementor-element-a54176d elementor-widget elementor-widget-text-editor\" data-id=\"a54176d\" data-element_type=\"widget\" data-widget_type=\"text-editor.default\">\n\t\t\t\t<div class=\"elementor-widget-container\">\n\t\t\t\t\t\t\t\t\t<p>L<strong>os corazones son un <em>must<\/em> en San Valent\u00edn. Aseg\u00farate de ambientar tu establecimiento y tu tienda online con motivos relacionados con el amor.<\/strong> Ojo, es posible hacerlo sin caer en gr\u00e1ficas pomposas y cargadas de rojo. Siempre ha de ir en consonancia con el car\u00e1cter de la marca convirti\u00e9ndolo en un valor diferencial para el negocio; de lo contrario, puedes cometer el error de que desentone con tu clientela habitual. \u00a0<\/p>\t\t\t\t\t\t\t\t<\/div>\n\t\t\t\t<\/div>\n\t\t\t\t\t<\/div>\n\t\t<\/div>\n\t\t\t\t\t<\/div>\n\t\t<\/section>\n\t\t\t\t<section class=\"elementor-section elementor-top-section elementor-element elementor-element-600bc58 elementor-section-boxed elementor-section-height-default elementor-section-height-default\" data-id=\"600bc58\" data-element_type=\"section\">\n\t\t\t\t\t\t<div class=\"elementor-container elementor-column-gap-default\">\n\t\t\t\t\t<div class=\"elementor-column elementor-col-100 elementor-top-column elementor-element elementor-element-d695268\" data-id=\"d695268\" data-element_type=\"column\">\n\t\t\t<div class=\"elementor-widget-wrap elementor-element-populated\">\n\t\t\t\t\t\t<div class=\"elementor-element elementor-element-52d14a6 elementor-widget elementor-widget-text-editor\" data-id=\"52d14a6\" data-element_type=\"widget\" data-widget_type=\"text-editor.default\">\n\t\t\t\t<div class=\"elementor-widget-container\">\n\t\t\t\t\t\t\t\t\t<p>Adem\u00e1s de crear el efecto <em>Love is in the air<\/em> para tus clientes habituales, atraer\u00e1s m\u00e1s consumidores este a\u00f1o en el que, ante todo, predomina la cercan\u00eda y confianza. <strong>La comunicaci\u00f3n de una campa\u00f1a hacia el exterior es muy importante, no sirve de nada crear productos especiales para el D\u00eda de los Enamorados si no se les da visibilidad.<\/strong><\/p>\t\t\t\t\t\t\t\t<\/div>\n\t\t\t\t<\/div>\n\t\t\t\t\t<\/div>\n\t\t<\/div>\n\t\t\t\t\t<\/div>\n\t\t<\/section>\n\t\t\t\t<section class=\"elementor-section elementor-top-section elementor-element elementor-element-2a2921b elementor-section-boxed elementor-section-height-default elementor-section-height-default\" data-id=\"2a2921b\" data-element_type=\"section\">\n\t\t\t\t\t\t<div class=\"elementor-container elementor-column-gap-default\">\n\t\t\t\t\t<div class=\"elementor-column elementor-col-100 elementor-top-column elementor-element elementor-element-f2dd851\" data-id=\"f2dd851\" data-element_type=\"column\">\n\t\t\t<div class=\"elementor-widget-wrap elementor-element-populated\">\n\t\t\t\t\t\t<div class=\"elementor-element elementor-element-f1b7b65 elementor-widget elementor-widget-image\" data-id=\"f1b7b65\" data-element_type=\"widget\" data-widget_type=\"image.default\">\n\t\t\t\t<div class=\"elementor-widget-container\">\n\t\t\t\t\t\t\t\t\t\t\t\t<figure class=\"wp-caption\">\n\t\t\t\t\t\t\t\t\t\t<img fetchpriority=\"high\" decoding=\"async\" width=\"1500\" height=\"938\" src=\"https:\/\/truyol.com\/blog\/wp-content\/uploads\/2021\/02\/pasteleria.jpg\" class=\"attachment-full size-full wp-image-3346\" alt=\"Decora tu negocio para la campa\u00f1a de San Valent\u00edn.\" srcset=\"https:\/\/truyol.com\/blog\/wp-content\/uploads\/2021\/02\/pasteleria.jpg 1500w, https:\/\/truyol.com\/blog\/wp-content\/uploads\/2021\/02\/pasteleria-300x188.jpg 300w, https:\/\/truyol.com\/blog\/wp-content\/uploads\/2021\/02\/pasteleria-1024x640.jpg 1024w, https:\/\/truyol.com\/blog\/wp-content\/uploads\/2021\/02\/pasteleria-768x480.jpg 768w\" sizes=\"(max-width: 1500px) 100vw, 1500px\" \/>\t\t\t\t\t\t\t\t\t\t\t<figcaption class=\"widget-image-caption wp-caption-text\">Decoraci\u00f3n comercial para San Valent\u00edn formada por unas guirnaldas y un Display de suelo troquelado.  <\/figcaption>\n\t\t\t\t\t\t\t\t\t\t<\/figure>\n\t\t\t\t\t\t\t\t\t<\/div>\n\t\t\t\t<\/div>\n\t\t\t\t\t<\/div>\n\t\t<\/div>\n\t\t\t\t\t<\/div>\n\t\t<\/section>\n\t\t\t\t<section class=\"elementor-section elementor-top-section elementor-element elementor-element-05d1253 elementor-section-boxed elementor-section-height-default elementor-section-height-default\" data-id=\"05d1253\" data-element_type=\"section\">\n\t\t\t\t\t\t<div class=\"elementor-container elementor-column-gap-default\">\n\t\t\t\t\t<div class=\"elementor-column elementor-col-100 elementor-top-column elementor-element elementor-element-f1b7956\" data-id=\"f1b7956\" data-element_type=\"column\">\n\t\t\t<div class=\"elementor-widget-wrap elementor-element-populated\">\n\t\t\t\t\t\t<div class=\"elementor-element elementor-element-ccbcc00 elementor-widget elementor-widget-image\" data-id=\"ccbcc00\" data-element_type=\"widget\" data-widget_type=\"image.default\">\n\t\t\t\t<div class=\"elementor-widget-container\">\n\t\t\t\t\t\t\t\t\t\t\t\t<figure class=\"wp-caption\">\n\t\t\t\t\t\t\t\t\t\t<img decoding=\"async\" width=\"1500\" height=\"875\" src=\"https:\/\/truyol.com\/blog\/wp-content\/uploads\/2021\/02\/guirnaldas-detalle-2.jpg\" class=\"attachment-full size-full wp-image-3350\" alt=\"Decora tu negocio la campa\u00f1a de San Valent\u00edn.\" srcset=\"https:\/\/truyol.com\/blog\/wp-content\/uploads\/2021\/02\/guirnaldas-detalle-2.jpg 1500w, https:\/\/truyol.com\/blog\/wp-content\/uploads\/2021\/02\/guirnaldas-detalle-2-300x175.jpg 300w, https:\/\/truyol.com\/blog\/wp-content\/uploads\/2021\/02\/guirnaldas-detalle-2-1024x597.jpg 1024w, https:\/\/truyol.com\/blog\/wp-content\/uploads\/2021\/02\/guirnaldas-detalle-2-768x448.jpg 768w\" sizes=\"(max-width: 1500px) 100vw, 1500px\" \/>\t\t\t\t\t\t\t\t\t\t\t<figcaption class=\"widget-image-caption wp-caption-text\">Guirnaldas troqueladas e impresas sobre papel Kraft con la llamativa tinta blanca para destacar. <\/figcaption>\n\t\t\t\t\t\t\t\t\t\t<\/figure>\n\t\t\t\t\t\t\t\t\t<\/div>\n\t\t\t\t<\/div>\n\t\t\t\t\t<\/div>\n\t\t<\/div>\n\t\t\t\t\t<\/div>\n\t\t<\/section>\n\t\t\t\t<section class=\"elementor-section elementor-top-section elementor-element elementor-element-45fe820 elementor-section-boxed elementor-section-height-default elementor-section-height-default\" data-id=\"45fe820\" data-element_type=\"section\">\n\t\t\t\t\t\t<div class=\"elementor-container elementor-column-gap-default\">\n\t\t\t\t\t<div class=\"elementor-column elementor-col-100 elementor-top-column elementor-element elementor-element-af0f426\" data-id=\"af0f426\" data-element_type=\"column\">\n\t\t\t<div class=\"elementor-widget-wrap elementor-element-populated\">\n\t\t\t\t\t\t<div class=\"elementor-element elementor-element-9a669b0 elementor-widget elementor-widget-text-editor\" data-id=\"9a669b0\" data-element_type=\"widget\" data-widget_type=\"text-editor.default\">\n\t\t\t\t<div class=\"elementor-widget-container\">\n\t\t\t\t\t\t\t\t\t<h2>2.- Packaging para San Valent\u00edn: Destaca productos de temporada con forma de coraz\u00f3n<\/h2>\t\t\t\t\t\t\t\t<\/div>\n\t\t\t\t<\/div>\n\t\t\t\t\t<\/div>\n\t\t<\/div>\n\t\t\t\t\t<\/div>\n\t\t<\/section>\n\t\t\t\t<section class=\"elementor-section elementor-top-section elementor-element elementor-element-9e88f4e elementor-section-boxed elementor-section-height-default elementor-section-height-default\" data-id=\"9e88f4e\" data-element_type=\"section\">\n\t\t\t\t\t\t<div class=\"elementor-container elementor-column-gap-default\">\n\t\t\t\t\t<div class=\"elementor-column elementor-col-100 elementor-top-column elementor-element elementor-element-b1bf6f0\" data-id=\"b1bf6f0\" data-element_type=\"column\">\n\t\t\t<div class=\"elementor-widget-wrap elementor-element-populated\">\n\t\t\t\t\t\t<div class=\"elementor-element elementor-element-e52ea00 elementor-widget elementor-widget-text-editor\" data-id=\"e52ea00\" data-element_type=\"widget\" data-widget_type=\"text-editor.default\">\n\t\t\t\t<div class=\"elementor-widget-container\">\n\t\t\t\t\t\t\t\t\t<p>El envoltorio es fundamental a la hora de regalar, es m\u00e1s importante que el producto en s\u00ed. Esto se aplica a las leyes de consumo y, por supuesto, a la percepci\u00f3n que el cliente se va a generar de tu negocio y la que el receptor del regalo se va a crear en el momento de recibirlo.<\/p>\t\t\t\t\t\t\t\t<\/div>\n\t\t\t\t<\/div>\n\t\t\t\t\t<\/div>\n\t\t<\/div>\n\t\t\t\t\t<\/div>\n\t\t<\/section>\n\t\t\t\t<section class=\"elementor-section elementor-top-section elementor-element elementor-element-495cf6c elementor-section-boxed elementor-section-height-default elementor-section-height-default\" data-id=\"495cf6c\" data-element_type=\"section\">\n\t\t\t\t\t\t<div class=\"elementor-container elementor-column-gap-default\">\n\t\t\t\t\t<div class=\"elementor-column elementor-col-100 elementor-top-column elementor-element elementor-element-5dd96b4\" data-id=\"5dd96b4\" data-element_type=\"column\">\n\t\t\t<div class=\"elementor-widget-wrap elementor-element-populated\">\n\t\t\t\t\t\t<div class=\"elementor-element elementor-element-c6c3cb7 elementor-widget elementor-widget-text-editor\" data-id=\"c6c3cb7\" data-element_type=\"widget\" data-widget_type=\"text-editor.default\">\n\t\t\t\t<div class=\"elementor-widget-container\">\n\t\t\t\t\t\t\t\t\t<p>Ya sea una tienda f\u00edsica o un e-commerce, <strong>es imprescindible crear un packaging especial y personalizado para la campa\u00f1a de San Valent\u00edn.<\/strong> La impresi\u00f3n digital pone al alcance de todo tipo de presupuestos esta opci\u00f3n ya que permite hacer pedidos de pocas unidades a medida de las previsiones de venta, sin necesidad de realizar una gran inversi\u00f3n para una fugaz campa\u00f1a de San Valent\u00edn.<\/p>\t\t\t\t\t\t\t\t<\/div>\n\t\t\t\t<\/div>\n\t\t\t\t\t<\/div>\n\t\t<\/div>\n\t\t\t\t\t<\/div>\n\t\t<\/section>\n\t\t\t\t<section class=\"elementor-section elementor-top-section elementor-element elementor-element-11237a0 elementor-section-boxed elementor-section-height-default elementor-section-height-default\" data-id=\"11237a0\" data-element_type=\"section\">\n\t\t\t\t\t\t<div class=\"elementor-container elementor-column-gap-default\">\n\t\t\t\t\t<div class=\"elementor-column elementor-col-100 elementor-top-column elementor-element elementor-element-e399b55\" data-id=\"e399b55\" data-element_type=\"column\">\n\t\t\t<div class=\"elementor-widget-wrap elementor-element-populated\">\n\t\t\t\t\t\t<div class=\"elementor-element elementor-element-984aa77 elementor-widget elementor-widget-text-editor\" data-id=\"984aa77\" data-element_type=\"widget\" data-widget_type=\"text-editor.default\">\n\t\t\t\t<div class=\"elementor-widget-container\">\n\t\t\t\t\t\t\t\t\t<p>Para esta pasteler\u00eda con canal de venta retail y e-commerce <strong>se ha creado un packaging especial para comercializar muffins de San Valent\u00edn,<\/strong> uno de sus productos destacados para el D\u00eda de los Enamorados. Se trata de una caja de packaging folding carton a medida del producto con un troquel en forma de coraz\u00f3n que deja ver el producto. Es una buena soluci\u00f3n para un detalle dulce en San Valent\u00edn que convencer\u00e1 a muchos de los clientes que vayan a por el pan ese d\u00eda, aunque sea sin la intenci\u00f3n expresa de comprar un regalo para su pareja.<\/p>\t\t\t\t\t\t\t\t<\/div>\n\t\t\t\t<\/div>\n\t\t\t\t\t<\/div>\n\t\t<\/div>\n\t\t\t\t\t<\/div>\n\t\t<\/section>\n\t\t\t\t<section class=\"elementor-section elementor-top-section elementor-element elementor-element-8fd20af elementor-section-boxed elementor-section-height-default elementor-section-height-default\" data-id=\"8fd20af\" data-element_type=\"section\">\n\t\t\t\t\t\t<div class=\"elementor-container elementor-column-gap-default\">\n\t\t\t\t\t<div class=\"elementor-column elementor-col-100 elementor-top-column elementor-element elementor-element-81273b4\" data-id=\"81273b4\" data-element_type=\"column\">\n\t\t\t<div class=\"elementor-widget-wrap elementor-element-populated\">\n\t\t\t\t\t\t<div class=\"elementor-element elementor-element-7ceb06e elementor-widget elementor-widget-image\" data-id=\"7ceb06e\" data-element_type=\"widget\" data-widget_type=\"image.default\">\n\t\t\t\t<div class=\"elementor-widget-container\">\n\t\t\t\t\t\t\t\t\t\t\t\t<figure class=\"wp-caption\">\n\t\t\t\t\t\t\t\t\t\t<img decoding=\"async\" width=\"1500\" height=\"938\" src=\"https:\/\/truyol.com\/blog\/wp-content\/uploads\/2021\/02\/CAJA-MUFFIN-2.jpg\" class=\"attachment-full size-full wp-image-3352\" alt=\"Packaging para San Valent\u00edn: Destaca productos de temporada con forma de coraz\u00f3n\" srcset=\"https:\/\/truyol.com\/blog\/wp-content\/uploads\/2021\/02\/CAJA-MUFFIN-2.jpg 1500w, https:\/\/truyol.com\/blog\/wp-content\/uploads\/2021\/02\/CAJA-MUFFIN-2-300x188.jpg 300w, https:\/\/truyol.com\/blog\/wp-content\/uploads\/2021\/02\/CAJA-MUFFIN-2-1024x640.jpg 1024w, https:\/\/truyol.com\/blog\/wp-content\/uploads\/2021\/02\/CAJA-MUFFIN-2-768x480.jpg 768w\" sizes=\"(max-width: 1500px) 100vw, 1500px\" \/>\t\t\t\t\t\t\t\t\t\t\t<figcaption class=\"widget-image-caption wp-caption-text\">Caja con ventana troquelada con forma de coraz\u00f3n para la campa\u00f1a de San Valent\u00edn de una pasteler\u00eda. <\/figcaption>\n\t\t\t\t\t\t\t\t\t\t<\/figure>\n\t\t\t\t\t\t\t\t\t<\/div>\n\t\t\t\t<\/div>\n\t\t\t\t\t<\/div>\n\t\t<\/div>\n\t\t\t\t\t<\/div>\n\t\t<\/section>\n\t\t\t\t<section class=\"elementor-section elementor-top-section elementor-element elementor-element-66c7e32 elementor-section-boxed elementor-section-height-default elementor-section-height-default\" data-id=\"66c7e32\" data-element_type=\"section\">\n\t\t\t\t\t\t<div class=\"elementor-container elementor-column-gap-default\">\n\t\t\t\t\t<div class=\"elementor-column elementor-col-100 elementor-top-column elementor-element elementor-element-78648ff\" data-id=\"78648ff\" data-element_type=\"column\">\n\t\t\t<div class=\"elementor-widget-wrap elementor-element-populated\">\n\t\t\t\t\t\t<div class=\"elementor-element elementor-element-55afdc1 elementor-widget elementor-widget-image\" data-id=\"55afdc1\" data-element_type=\"widget\" data-widget_type=\"image.default\">\n\t\t\t\t<div class=\"elementor-widget-container\">\n\t\t\t\t\t\t\t\t\t\t\t\t<figure class=\"wp-caption\">\n\t\t\t\t\t\t\t\t\t\t<img loading=\"lazy\" decoding=\"async\" width=\"1500\" height=\"1000\" src=\"https:\/\/truyol.com\/blog\/wp-content\/uploads\/2021\/02\/CAJA-MUFFIN.jpg\" class=\"attachment-full size-full wp-image-3351\" alt=\"Packaging para San Valent\u00edn: Destaca productos de temporada con forma de coraz\u00f3n\" srcset=\"https:\/\/truyol.com\/blog\/wp-content\/uploads\/2021\/02\/CAJA-MUFFIN.jpg 1500w, https:\/\/truyol.com\/blog\/wp-content\/uploads\/2021\/02\/CAJA-MUFFIN-300x200.jpg 300w, https:\/\/truyol.com\/blog\/wp-content\/uploads\/2021\/02\/CAJA-MUFFIN-1024x683.jpg 1024w, https:\/\/truyol.com\/blog\/wp-content\/uploads\/2021\/02\/CAJA-MUFFIN-768x512.jpg 768w, https:\/\/truyol.com\/blog\/wp-content\/uploads\/2021\/02\/CAJA-MUFFIN-120x80.jpg 120w\" sizes=\"(max-width: 1500px) 100vw, 1500px\" \/>\t\t\t\t\t\t\t\t\t\t\t<figcaption class=\"widget-image-caption wp-caption-text\">La caja con ventana de coraz\u00f3n est\u00e1 dise\u00f1ada a medida del producto e impresa con tinta blanca sobre papel kraft. <\/figcaption>\n\t\t\t\t\t\t\t\t\t\t<\/figure>\n\t\t\t\t\t\t\t\t\t<\/div>\n\t\t\t\t<\/div>\n\t\t\t\t\t<\/div>\n\t\t<\/div>\n\t\t\t\t\t<\/div>\n\t\t<\/section>\n\t\t\t\t<section class=\"elementor-section elementor-top-section elementor-element elementor-element-7b2ae14 elementor-section-boxed elementor-section-height-default elementor-section-height-default\" data-id=\"7b2ae14\" data-element_type=\"section\">\n\t\t\t\t\t\t<div class=\"elementor-container elementor-column-gap-default\">\n\t\t\t\t\t<div class=\"elementor-column elementor-col-100 elementor-top-column elementor-element elementor-element-1bd1178\" data-id=\"1bd1178\" data-element_type=\"column\">\n\t\t\t<div class=\"elementor-widget-wrap elementor-element-populated\">\n\t\t\t\t\t\t<div class=\"elementor-element elementor-element-2771f72 elementor-widget elementor-widget-text-editor\" data-id=\"2771f72\" data-element_type=\"widget\" data-widget_type=\"text-editor.default\">\n\t\t\t\t<div class=\"elementor-widget-container\">\n\t\t\t\t\t\t\t\t\t<p>La caja personalizada est\u00e1 impresa sobre papel Kraft con tinta blanca, en consonancia con la imagen habitual de la pasteler\u00eda, pero con detalles que evocan la celebraci\u00f3n del amor como los corazones de tinta blanca y el troquel con forma de coraz\u00f3n de la ventana.<\/p>\t\t\t\t\t\t\t\t<\/div>\n\t\t\t\t<\/div>\n\t\t\t\t\t<\/div>\n\t\t<\/div>\n\t\t\t\t\t<\/div>\n\t\t<\/section>\n\t\t\t\t<section class=\"elementor-section elementor-top-section elementor-element elementor-element-ad91bf9 elementor-section-boxed elementor-section-height-default elementor-section-height-default\" data-id=\"ad91bf9\" data-element_type=\"section\">\n\t\t\t\t\t\t<div class=\"elementor-container elementor-column-gap-default\">\n\t\t\t\t\t<div class=\"elementor-column elementor-col-100 elementor-top-column elementor-element elementor-element-bc91b61\" data-id=\"bc91b61\" data-element_type=\"column\">\n\t\t\t<div class=\"elementor-widget-wrap elementor-element-populated\">\n\t\t\t\t\t\t<div class=\"elementor-element elementor-element-19ecd2e elementor-widget elementor-widget-text-editor\" data-id=\"19ecd2e\" data-element_type=\"widget\" data-widget_type=\"text-editor.default\">\n\t\t\t\t<div class=\"elementor-widget-container\">\n\t\t\t\t\t\t\t\t\t<h3><strong>Una opci\u00f3n r\u00e1pida y sencilla es recurrir a <a href=\"https:\/\/truyol.com\/es\/packaging-folding-carton\/cajas-corazon\" target=\"_blank\" rel=\"noopener\">las plantillas de packaging de Truyol Digital con forma de coraz\u00f3n<\/a> y personalizarlas.<\/strong><\/h3>\t\t\t\t\t\t\t\t<\/div>\n\t\t\t\t<\/div>\n\t\t\t\t\t<\/div>\n\t\t<\/div>\n\t\t\t\t\t<\/div>\n\t\t<\/section>\n\t\t\t\t<section class=\"elementor-section elementor-top-section elementor-element elementor-element-fd8103d elementor-section-boxed elementor-section-height-default elementor-section-height-default\" data-id=\"fd8103d\" data-element_type=\"section\">\n\t\t\t\t\t\t<div class=\"elementor-container elementor-column-gap-default\">\n\t\t\t\t\t<div class=\"elementor-column elementor-col-100 elementor-top-column elementor-element elementor-element-4ad32c1\" data-id=\"4ad32c1\" data-element_type=\"column\">\n\t\t\t<div class=\"elementor-widget-wrap elementor-element-populated\">\n\t\t\t\t\t\t<div class=\"elementor-element elementor-element-7ef6fc8 elementor-widget elementor-widget-text-editor\" data-id=\"7ef6fc8\" data-element_type=\"widget\" data-widget_type=\"text-editor.default\">\n\t\t\t\t<div class=\"elementor-widget-container\">\n\t\t\t\t\t\t\t\t\t<p>Otra de las apuestas de esta pasteler\u00eda para la campa\u00f1a de San Valent\u00edn son las piruletas artesanales con forma de coraz\u00f3n. <strong>Para destacar este producto y darle mayor visibilidad dentro del establecimiento, se ha personalizado un expositor PLV.<\/strong> A partir del modelo de mesa Norma de Truyol Digital, se han creado troqueles en la base para insertar las piruletas. Su est\u00e9tica, tambi\u00e9n va acorde con la campa\u00f1a de San Valent\u00edn.<\/p>\t\t\t\t\t\t\t\t<\/div>\n\t\t\t\t<\/div>\n\t\t\t\t\t<\/div>\n\t\t<\/div>\n\t\t\t\t\t<\/div>\n\t\t<\/section>\n\t\t\t\t<section class=\"elementor-section elementor-top-section elementor-element elementor-element-8ef305d elementor-section-boxed elementor-section-height-default elementor-section-height-default\" data-id=\"8ef305d\" data-element_type=\"section\">\n\t\t\t\t\t\t<div class=\"elementor-container elementor-column-gap-default\">\n\t\t\t\t\t<div class=\"elementor-column elementor-col-100 elementor-top-column elementor-element elementor-element-4fdce37\" data-id=\"4fdce37\" data-element_type=\"column\">\n\t\t\t<div class=\"elementor-widget-wrap elementor-element-populated\">\n\t\t\t\t\t\t<div class=\"elementor-element elementor-element-fa152a7 elementor-widget elementor-widget-image\" data-id=\"fa152a7\" data-element_type=\"widget\" data-widget_type=\"image.default\">\n\t\t\t\t<div class=\"elementor-widget-container\">\n\t\t\t\t\t\t\t\t\t\t\t\t<figure class=\"wp-caption\">\n\t\t\t\t\t\t\t\t\t\t<img loading=\"lazy\" decoding=\"async\" width=\"1500\" height=\"938\" src=\"https:\/\/truyol.com\/blog\/wp-content\/uploads\/2021\/02\/PLV.jpg\" class=\"attachment-full size-full wp-image-3353\" alt=\"Packaging para San Valent\u00edn: Destaca productos de temporada con forma de coraz\u00f3n\" srcset=\"https:\/\/truyol.com\/blog\/wp-content\/uploads\/2021\/02\/PLV.jpg 1500w, https:\/\/truyol.com\/blog\/wp-content\/uploads\/2021\/02\/PLV-300x188.jpg 300w, https:\/\/truyol.com\/blog\/wp-content\/uploads\/2021\/02\/PLV-1024x640.jpg 1024w, https:\/\/truyol.com\/blog\/wp-content\/uploads\/2021\/02\/PLV-768x480.jpg 768w\" sizes=\"(max-width: 1500px) 100vw, 1500px\" \/>\t\t\t\t\t\t\t\t\t\t\t<figcaption class=\"widget-image-caption wp-caption-text\">Expositor PLV de mesa Norma, personalizado con troqueles en la base para insertar el producto, e impreso sobre cart\u00f3n corrugado de color Kraft y la especial tinta blanca. <\/figcaption>\n\t\t\t\t\t\t\t\t\t\t<\/figure>\n\t\t\t\t\t\t\t\t\t<\/div>\n\t\t\t\t<\/div>\n\t\t\t\t\t<\/div>\n\t\t<\/div>\n\t\t\t\t\t<\/div>\n\t\t<\/section>\n\t\t\t\t<section class=\"elementor-section elementor-top-section elementor-element elementor-element-28f2f2c elementor-section-boxed elementor-section-height-default elementor-section-height-default\" data-id=\"28f2f2c\" data-element_type=\"section\">\n\t\t\t\t\t\t<div class=\"elementor-container elementor-column-gap-default\">\n\t\t\t\t\t<div class=\"elementor-column elementor-col-100 elementor-top-column elementor-element elementor-element-a743684\" data-id=\"a743684\" data-element_type=\"column\">\n\t\t\t<div class=\"elementor-widget-wrap elementor-element-populated\">\n\t\t\t\t\t\t<div class=\"elementor-element elementor-element-e803bcc elementor-widget elementor-widget-text-editor\" data-id=\"e803bcc\" data-element_type=\"widget\" data-widget_type=\"text-editor.default\">\n\t\t\t\t<div class=\"elementor-widget-container\">\n\t\t\t\t\t\t\t\t\t<p><strong>Consulta todos los modelos de <a href=\"https:\/\/truyol.com\/es\/expositores-plv\" target=\"_blank\" rel=\"noopener\">expositores PLV de cart\u00f3n corrugado<\/a> y encuentra el que mejor se adapte a tu producto y\/o al lugar de tu establecimiento en el que piensas colocarlo.<\/strong><\/p>\t\t\t\t\t\t\t\t<\/div>\n\t\t\t\t<\/div>\n\t\t\t\t\t<\/div>\n\t\t<\/div>\n\t\t\t\t\t<\/div>\n\t\t<\/section>\n\t\t\t\t<section class=\"elementor-section elementor-top-section elementor-element elementor-element-897f153 elementor-section-boxed elementor-section-height-default elementor-section-height-default\" data-id=\"897f153\" data-element_type=\"section\">\n\t\t\t\t\t\t<div class=\"elementor-container elementor-column-gap-default\">\n\t\t\t\t\t<div class=\"elementor-column elementor-col-100 elementor-top-column elementor-element elementor-element-8f6ac94\" data-id=\"8f6ac94\" data-element_type=\"column\">\n\t\t\t<div class=\"elementor-widget-wrap elementor-element-populated\">\n\t\t\t\t\t\t<div class=\"elementor-element elementor-element-dd8c63b elementor-widget elementor-widget-text-editor\" data-id=\"dd8c63b\" data-element_type=\"widget\" data-widget_type=\"text-editor.default\">\n\t\t\t\t<div class=\"elementor-widget-container\">\n\t\t\t\t\t\t\t\t\t<p><b>Para su tienda online, esta pasteler\u00eda ha encargado unas etiquetas en bobina en forma de coraz\u00f3n con diferentes mensajes para decorar su caja de env\u00edo habitual.<\/b> Si el packaging es importante en un establecimiento f\u00edsico, para un e-commerce es imprescindible: en la mayor\u00eda de los casos, se trata del primer contacto f\u00edsico del cliente con la tienda y sus productos.<\/p>\t\t\t\t\t\t\t\t<\/div>\n\t\t\t\t<\/div>\n\t\t\t\t\t<\/div>\n\t\t<\/div>\n\t\t\t\t\t<\/div>\n\t\t<\/section>\n\t\t\t\t<section class=\"elementor-section elementor-top-section elementor-element elementor-element-f8898b5 elementor-section-boxed elementor-section-height-default elementor-section-height-default\" data-id=\"f8898b5\" data-element_type=\"section\">\n\t\t\t\t\t\t<div class=\"elementor-container elementor-column-gap-default\">\n\t\t\t\t\t<div class=\"elementor-column elementor-col-100 elementor-top-column elementor-element elementor-element-586068f\" data-id=\"586068f\" data-element_type=\"column\">\n\t\t\t<div class=\"elementor-widget-wrap elementor-element-populated\">\n\t\t\t\t\t\t<div class=\"elementor-element elementor-element-778897a elementor-widget elementor-widget-image\" data-id=\"778897a\" data-element_type=\"widget\" data-widget_type=\"image.default\">\n\t\t\t\t<div class=\"elementor-widget-container\">\n\t\t\t\t\t\t\t\t\t\t\t\t<figure class=\"wp-caption\">\n\t\t\t\t\t\t\t\t\t\t<img loading=\"lazy\" decoding=\"async\" width=\"1500\" height=\"715\" src=\"https:\/\/truyol.com\/blog\/wp-content\/uploads\/2021\/02\/etiquetas.jpg\" class=\"attachment-full size-full wp-image-3354\" alt=\"Packaging para San Valent\u00edn: Destaca productos de temporada con forma de coraz\u00f3n\" srcset=\"https:\/\/truyol.com\/blog\/wp-content\/uploads\/2021\/02\/etiquetas.jpg 1500w, https:\/\/truyol.com\/blog\/wp-content\/uploads\/2021\/02\/etiquetas-300x143.jpg 300w, https:\/\/truyol.com\/blog\/wp-content\/uploads\/2021\/02\/etiquetas-1024x488.jpg 1024w, https:\/\/truyol.com\/blog\/wp-content\/uploads\/2021\/02\/etiquetas-768x366.jpg 768w\" sizes=\"(max-width: 1500px) 100vw, 1500px\" \/>\t\t\t\t\t\t\t\t\t\t\t<figcaption class=\"widget-image-caption wp-caption-text\">Etiquetas en bobina troqueladas e impresas sobre un adhesivo estucado. <\/figcaption>\n\t\t\t\t\t\t\t\t\t\t<\/figure>\n\t\t\t\t\t\t\t\t\t<\/div>\n\t\t\t\t<\/div>\n\t\t\t\t\t<\/div>\n\t\t<\/div>\n\t\t\t\t\t<\/div>\n\t\t<\/section>\n\t\t\t\t<section class=\"elementor-section elementor-top-section elementor-element elementor-element-96395c5 elementor-section-boxed elementor-section-height-default elementor-section-height-default\" data-id=\"96395c5\" data-element_type=\"section\">\n\t\t\t\t\t\t<div class=\"elementor-container elementor-column-gap-default\">\n\t\t\t\t\t<div class=\"elementor-column elementor-col-100 elementor-top-column elementor-element elementor-element-3b9f7e9\" data-id=\"3b9f7e9\" data-element_type=\"column\">\n\t\t\t<div class=\"elementor-widget-wrap elementor-element-populated\">\n\t\t\t\t\t\t<div class=\"elementor-element elementor-element-6c8e703 elementor-widget elementor-widget-text-editor\" data-id=\"6c8e703\" data-element_type=\"widget\" data-widget_type=\"text-editor.default\">\n\t\t\t\t<div class=\"elementor-widget-container\">\n\t\t\t\t\t\t\t\t\t<p><strong>Aseg\u00farate que el unboxing de tus clientes sea dulce y memorable.<\/strong> Para ello es imprescindible elegir una caja o embalaje que proteja el producto y personalizarla con la est\u00e9tica de la marca. Para los pedidos online de esta pasteler\u00eda, se ha elegido <a href=\"https:\/\/truyol.com\/es\/packaging-carton-corrugado\/cajas-envios-con-refuerzo\" target=\"_blank\" rel=\"noopener\">la caja de env\u00edo con refuerzo de cart\u00f3n corrugado de Truyol Digital.<\/a> La semana de San Valent\u00edn todos los env\u00edos que se realicen ir\u00e1n personalizados con una de las etiquetas impresas con forma de coraz\u00f3n y mensajes de amor.<\/p>\t\t\t\t\t\t\t\t<\/div>\n\t\t\t\t<\/div>\n\t\t\t\t\t<\/div>\n\t\t<\/div>\n\t\t\t\t\t<\/div>\n\t\t<\/section>\n\t\t\t\t<section class=\"elementor-section elementor-top-section elementor-element elementor-element-e9ff7bd elementor-section-boxed elementor-section-height-default elementor-section-height-default\" data-id=\"e9ff7bd\" data-element_type=\"section\">\n\t\t\t\t\t\t<div class=\"elementor-container elementor-column-gap-default\">\n\t\t\t\t\t<div class=\"elementor-column elementor-col-100 elementor-top-column elementor-element elementor-element-cf51187\" data-id=\"cf51187\" data-element_type=\"column\">\n\t\t\t<div class=\"elementor-widget-wrap elementor-element-populated\">\n\t\t\t\t\t\t<div class=\"elementor-element elementor-element-03cb71b elementor-widget elementor-widget-image\" data-id=\"03cb71b\" data-element_type=\"widget\" data-widget_type=\"image.default\">\n\t\t\t\t<div class=\"elementor-widget-container\">\n\t\t\t\t\t\t\t\t\t\t\t\t<figure class=\"wp-caption\">\n\t\t\t\t\t\t\t\t\t\t<img loading=\"lazy\" decoding=\"async\" width=\"1500\" height=\"1000\" src=\"https:\/\/truyol.com\/blog\/wp-content\/uploads\/2021\/02\/CAJA-GALLETAS-2.jpg\" class=\"attachment-full size-full wp-image-3355\" alt=\"Packaging para San Valent\u00edn: Destaca productos de temporada con forma de coraz\u00f3n\" srcset=\"https:\/\/truyol.com\/blog\/wp-content\/uploads\/2021\/02\/CAJA-GALLETAS-2.jpg 1500w, https:\/\/truyol.com\/blog\/wp-content\/uploads\/2021\/02\/CAJA-GALLETAS-2-300x200.jpg 300w, https:\/\/truyol.com\/blog\/wp-content\/uploads\/2021\/02\/CAJA-GALLETAS-2-1024x683.jpg 1024w, https:\/\/truyol.com\/blog\/wp-content\/uploads\/2021\/02\/CAJA-GALLETAS-2-768x512.jpg 768w, https:\/\/truyol.com\/blog\/wp-content\/uploads\/2021\/02\/CAJA-GALLETAS-2-120x80.jpg 120w\" sizes=\"(max-width: 1500px) 100vw, 1500px\" \/>\t\t\t\t\t\t\t\t\t\t\t<figcaption class=\"widget-image-caption wp-caption-text\">Caja de env\u00edo con refuerzo de cart\u00f3n corrugado color Kraft, impresa a doble cara con tinta blanca y personalizada con estas originales etiquetas para la campa\u00f1a de San Valent\u00edn.  <\/figcaption>\n\t\t\t\t\t\t\t\t\t\t<\/figure>\n\t\t\t\t\t\t\t\t\t<\/div>\n\t\t\t\t<\/div>\n\t\t\t\t\t<\/div>\n\t\t<\/div>\n\t\t\t\t\t<\/div>\n\t\t<\/section>\n\t\t\t\t<section class=\"elementor-section elementor-top-section elementor-element elementor-element-1c69096 elementor-section-boxed elementor-section-height-default elementor-section-height-default\" data-id=\"1c69096\" data-element_type=\"section\">\n\t\t\t\t\t\t<div class=\"elementor-container elementor-column-gap-default\">\n\t\t\t\t\t<div class=\"elementor-column elementor-col-100 elementor-top-column elementor-element elementor-element-1e65747\" data-id=\"1e65747\" data-element_type=\"column\">\n\t\t\t<div class=\"elementor-widget-wrap elementor-element-populated\">\n\t\t\t\t\t\t<div class=\"elementor-element elementor-element-54b49e5 elementor-widget elementor-widget-text-editor\" data-id=\"54b49e5\" data-element_type=\"widget\" data-widget_type=\"text-editor.default\">\n\t\t\t\t<div class=\"elementor-widget-container\">\n\t\t\t\t\t\t\t\t\t<p><a href=\"https:\/\/truyol.com\/es\/packaging-carton-corrugado\" target=\"_blank\" rel=\"noopener\"><strong>Escoge el embalaje o caja de cart\u00f3n corrugado<\/strong><\/a><strong> que mejor se adapte a tu producto y ll\u00e9nala de amor.<\/strong> Todas las plantillas personalizables est\u00e1n dise\u00f1adas para proteger el producto y soportar hasta 6 kg de peso.<\/p>\t\t\t\t\t\t\t\t<\/div>\n\t\t\t\t<\/div>\n\t\t\t\t\t<\/div>\n\t\t<\/div>\n\t\t\t\t\t<\/div>\n\t\t<\/section>\n\t\t\t\t<section class=\"elementor-section elementor-top-section elementor-element elementor-element-6112088 elementor-section-boxed elementor-section-height-default elementor-section-height-default\" data-id=\"6112088\" data-element_type=\"section\">\n\t\t\t\t\t\t<div class=\"elementor-container elementor-column-gap-default\">\n\t\t\t\t\t<div class=\"elementor-column elementor-col-100 elementor-top-column elementor-element elementor-element-13e2e37\" data-id=\"13e2e37\" data-element_type=\"column\">\n\t\t\t<div class=\"elementor-widget-wrap elementor-element-populated\">\n\t\t\t\t\t\t<div class=\"elementor-element elementor-element-e933b37 elementor-widget elementor-widget-text-editor\" data-id=\"e933b37\" data-element_type=\"widget\" data-widget_type=\"text-editor.default\">\n\t\t\t\t<div class=\"elementor-widget-container\">\n\t\t\t\t\t\t\t\t\t<h2>3.- Los detalles te diferencian: un regalo promocional para San Valent\u00edn<\/h2>\t\t\t\t\t\t\t\t<\/div>\n\t\t\t\t<\/div>\n\t\t\t\t\t<\/div>\n\t\t<\/div>\n\t\t\t\t\t<\/div>\n\t\t<\/section>\n\t\t\t\t<section class=\"elementor-section elementor-top-section elementor-element elementor-element-42b68d0 elementor-section-boxed elementor-section-height-default elementor-section-height-default\" data-id=\"42b68d0\" data-element_type=\"section\">\n\t\t\t\t\t\t<div class=\"elementor-container elementor-column-gap-default\">\n\t\t\t\t\t<div class=\"elementor-column elementor-col-100 elementor-top-column elementor-element elementor-element-a9d6e8e\" data-id=\"a9d6e8e\" data-element_type=\"column\">\n\t\t\t<div class=\"elementor-widget-wrap elementor-element-populated\">\n\t\t\t\t\t\t<div class=\"elementor-element elementor-element-0bbc01c elementor-widget elementor-widget-text-editor\" data-id=\"0bbc01c\" data-element_type=\"widget\" data-widget_type=\"text-editor.default\">\n\t\t\t\t<div class=\"elementor-widget-container\">\n\t\t\t\t\t\t\t\t\t<p><strong>Piensa en un regalo promocional para tu campa\u00f1a de San Valent\u00edn:<\/strong> puedes hacerlo en colaboraci\u00f3n con otra marca o crear uno propio que sea de utilidad a tu clientela en el contexto de la campa\u00f1a.<\/p>\t\t\t\t\t\t\t\t<\/div>\n\t\t\t\t<\/div>\n\t\t\t\t\t<\/div>\n\t\t<\/div>\n\t\t\t\t\t<\/div>\n\t\t<\/section>\n\t\t\t\t<section class=\"elementor-section elementor-top-section elementor-element elementor-element-f52bcea elementor-section-boxed elementor-section-height-default elementor-section-height-default\" data-id=\"f52bcea\" data-element_type=\"section\">\n\t\t\t\t\t\t<div class=\"elementor-container elementor-column-gap-default\">\n\t\t\t\t\t<div class=\"elementor-column elementor-col-100 elementor-top-column elementor-element elementor-element-ae6968a\" data-id=\"ae6968a\" data-element_type=\"column\">\n\t\t\t<div class=\"elementor-widget-wrap elementor-element-populated\">\n\t\t\t\t\t\t<div class=\"elementor-element elementor-element-a797e9f elementor-widget elementor-widget-text-editor\" data-id=\"a797e9f\" data-element_type=\"widget\" data-widget_type=\"text-editor.default\">\n\t\t\t\t<div class=\"elementor-widget-container\">\n\t\t\t\t\t\t\t\t\t<p>Para la campa\u00f1a de San Valent\u00edn de esta pasteler\u00eda, se ha impreso <strong>una tarjeta postal con forma de galleta<\/strong> con la frase \u201cYa sabes lo empalagoso que soy\u201d y un espacio reservado en el que el cliente puede escribir a mano su mensaje de amor.<\/p>\t\t\t\t\t\t\t\t<\/div>\n\t\t\t\t<\/div>\n\t\t\t\t\t<\/div>\n\t\t<\/div>\n\t\t\t\t\t<\/div>\n\t\t<\/section>\n\t\t\t\t<section class=\"elementor-section elementor-top-section elementor-element elementor-element-ed3ae1c elementor-section-boxed elementor-section-height-default elementor-section-height-default\" data-id=\"ed3ae1c\" data-element_type=\"section\">\n\t\t\t\t\t\t<div class=\"elementor-container elementor-column-gap-default\">\n\t\t\t\t\t<div class=\"elementor-column elementor-col-100 elementor-top-column elementor-element elementor-element-5a32a02\" data-id=\"5a32a02\" data-element_type=\"column\">\n\t\t\t<div class=\"elementor-widget-wrap elementor-element-populated\">\n\t\t\t\t\t\t<div class=\"elementor-element elementor-element-5316f9c elementor-widget elementor-widget-image\" data-id=\"5316f9c\" data-element_type=\"widget\" data-widget_type=\"image.default\">\n\t\t\t\t<div class=\"elementor-widget-container\">\n\t\t\t\t\t\t\t\t\t\t\t\t<figure class=\"wp-caption\">\n\t\t\t\t\t\t\t\t\t\t<img loading=\"lazy\" decoding=\"async\" width=\"1500\" height=\"938\" src=\"https:\/\/truyol.com\/blog\/wp-content\/uploads\/2021\/02\/TARJETON.jpg\" class=\"attachment-full size-full wp-image-3357\" alt=\"\" srcset=\"https:\/\/truyol.com\/blog\/wp-content\/uploads\/2021\/02\/TARJETON.jpg 1500w, https:\/\/truyol.com\/blog\/wp-content\/uploads\/2021\/02\/TARJETON-300x188.jpg 300w, https:\/\/truyol.com\/blog\/wp-content\/uploads\/2021\/02\/TARJETON-1024x640.jpg 1024w, https:\/\/truyol.com\/blog\/wp-content\/uploads\/2021\/02\/TARJETON-768x480.jpg 768w\" sizes=\"(max-width: 1500px) 100vw, 1500px\" \/>\t\t\t\t\t\t\t\t\t\t\t<figcaption class=\"widget-image-caption wp-caption-text\">Tarjeta postal de papel kraft impresa con tinta blanca y acabado de troquel l\u00e1ser tanto en el exterior como en el interior para darle forma de galleta. <\/figcaption>\n\t\t\t\t\t\t\t\t\t\t<\/figure>\n\t\t\t\t\t\t\t\t\t<\/div>\n\t\t\t\t<\/div>\n\t\t\t\t\t<\/div>\n\t\t<\/div>\n\t\t\t\t\t<\/div>\n\t\t<\/section>\n\t\t\t\t<section class=\"elementor-section elementor-top-section elementor-element elementor-element-879e455 elementor-section-boxed elementor-section-height-default elementor-section-height-default\" data-id=\"879e455\" data-element_type=\"section\">\n\t\t\t\t\t\t<div class=\"elementor-container elementor-column-gap-default\">\n\t\t\t\t\t<div class=\"elementor-column elementor-col-100 elementor-top-column elementor-element elementor-element-9a22a6a\" data-id=\"9a22a6a\" data-element_type=\"column\">\n\t\t\t<div class=\"elementor-widget-wrap elementor-element-populated\">\n\t\t\t\t\t\t<div class=\"elementor-element elementor-element-0c079c2 elementor-widget elementor-widget-text-editor\" data-id=\"0c079c2\" data-element_type=\"widget\" data-widget_type=\"text-editor.default\">\n\t\t\t\t<div class=\"elementor-widget-container\">\n\t\t\t\t\t\t\t\t\t<p>Se trata de un obsequio que complementa la compra ya que se est\u00e1 facilitando a los clientes del canal retail un espacio para plasmar su amor <strong>sin necesidad de que acuda a otro establecimiento a comprar el tarjet\u00f3n.<\/strong> Asimismo, nos permite brindar la opci\u00f3n de personalizar su pedido con un mensaje a tus clientes online, un detalle que ninguno olvidar\u00e1 y que har\u00e1 que acudan a tu negocio en los momentos m\u00e1s especiales.\u00a0<\/p>\t\t\t\t\t\t\t\t<\/div>\n\t\t\t\t<\/div>\n\t\t\t\t\t<\/div>\n\t\t<\/div>\n\t\t\t\t\t<\/div>\n\t\t<\/section>\n\t\t\t\t<section class=\"elementor-section elementor-top-section elementor-element elementor-element-390e004 elementor-section-boxed elementor-section-height-default elementor-section-height-default\" data-id=\"390e004\" data-element_type=\"section\">\n\t\t\t\t\t\t<div class=\"elementor-container elementor-column-gap-default\">\n\t\t\t\t\t<div class=\"elementor-column elementor-col-100 elementor-top-column elementor-element elementor-element-bff9fad\" data-id=\"bff9fad\" data-element_type=\"column\">\n\t\t\t<div class=\"elementor-widget-wrap elementor-element-populated\">\n\t\t\t\t\t\t<div class=\"elementor-element elementor-element-7af64df elementor-widget elementor-widget-image\" data-id=\"7af64df\" data-element_type=\"widget\" data-widget_type=\"image.default\">\n\t\t\t\t<div class=\"elementor-widget-container\">\n\t\t\t\t\t\t\t\t\t\t\t\t<figure class=\"wp-caption\">\n\t\t\t\t\t\t\t\t\t\t<img loading=\"lazy\" decoding=\"async\" width=\"1500\" height=\"938\" src=\"https:\/\/truyol.com\/blog\/wp-content\/uploads\/2021\/02\/CAJA-GALLETAS.jpg\" class=\"attachment-full size-full wp-image-3356\" alt=\"Packaging para San Valent\u00edn: Destaca productos de temporada con forma de coraz\u00f3n\" srcset=\"https:\/\/truyol.com\/blog\/wp-content\/uploads\/2021\/02\/CAJA-GALLETAS.jpg 1500w, https:\/\/truyol.com\/blog\/wp-content\/uploads\/2021\/02\/CAJA-GALLETAS-300x188.jpg 300w, https:\/\/truyol.com\/blog\/wp-content\/uploads\/2021\/02\/CAJA-GALLETAS-1024x640.jpg 1024w, https:\/\/truyol.com\/blog\/wp-content\/uploads\/2021\/02\/CAJA-GALLETAS-768x480.jpg 768w\" sizes=\"(max-width: 1500px) 100vw, 1500px\" \/>\t\t\t\t\t\t\t\t\t\t\t<figcaption class=\"widget-image-caption wp-caption-text\">Unboxing de San Valent\u00edn para una pasteler\u00eda.<\/figcaption>\n\t\t\t\t\t\t\t\t\t\t<\/figure>\n\t\t\t\t\t\t\t\t\t<\/div>\n\t\t\t\t<\/div>\n\t\t\t\t\t<\/div>\n\t\t<\/div>\n\t\t\t\t\t<\/div>\n\t\t<\/section>\n\t\t\t\t<section class=\"elementor-section elementor-top-section elementor-element elementor-element-2e078f3 elementor-section-boxed elementor-section-height-default elementor-section-height-default\" data-id=\"2e078f3\" data-element_type=\"section\">\n\t\t\t\t\t\t<div class=\"elementor-container elementor-column-gap-default\">\n\t\t\t\t\t<div class=\"elementor-column elementor-col-100 elementor-top-column elementor-element elementor-element-ade6fd6\" data-id=\"ade6fd6\" data-element_type=\"column\">\n\t\t\t<div class=\"elementor-widget-wrap elementor-element-populated\">\n\t\t\t\t\t\t<div class=\"elementor-element elementor-element-e8dd16d elementor-widget elementor-widget-text-editor\" data-id=\"e8dd16d\" data-element_type=\"widget\" data-widget_type=\"text-editor.default\">\n\t\t\t\t<div class=\"elementor-widget-container\">\n\t\t\t\t\t\t\t\t\t<p><strong>Recurre al material de oficina o publicitario de Truyol Digital para un pedido expr\u00e9s,<\/strong> hay plantillas personalizables de productos para la campa\u00f1a de San Valent\u00edn como <a href=\"https:\/\/truyol.com\/es\/material-oficina\/sobres-con-cierre-corazon\" target=\"_blank\" rel=\"noopener\">los sobres con cierre de coraz\u00f3n,<\/a> o <a href=\"http:\/\/o los folletos especiales con cierre de coraz\u00f3n\" data-wplink-url-error=\"true\">los folletos especiales con cierre de coraz\u00f3n.<\/a><\/p>\t\t\t\t\t\t\t\t<\/div>\n\t\t\t\t<\/div>\n\t\t\t\t\t<\/div>\n\t\t<\/div>\n\t\t\t\t\t<\/div>\n\t\t<\/section>\n\t\t\t\t<section class=\"elementor-section elementor-top-section elementor-element elementor-element-2a5bacd elementor-section-boxed elementor-section-height-default elementor-section-height-default\" data-id=\"2a5bacd\" data-element_type=\"section\">\n\t\t\t\t\t\t<div class=\"elementor-container elementor-column-gap-default\">\n\t\t\t\t\t<div class=\"elementor-column elementor-col-100 elementor-top-column elementor-element elementor-element-cc94fe1\" data-id=\"cc94fe1\" data-element_type=\"column\">\n\t\t\t<div class=\"elementor-widget-wrap elementor-element-populated\">\n\t\t\t\t\t\t<div class=\"elementor-element elementor-element-4c5b5b5 elementor-widget elementor-widget-text-editor\" data-id=\"4c5b5b5\" data-element_type=\"widget\" data-widget_type=\"text-editor.default\">\n\t\t\t\t<div class=\"elementor-widget-container\">\n\t\t\t\t\t\t\t\t\t<p><strong>Si necesitas m\u00e1s inspiraci\u00f3n,<\/strong> consulta todos nuestros dise\u00f1os de San Valent\u00edn en <a href=\"https:\/\/truyol.com\/blog\/2020\/02\/03\/especial-san-valentin-recursos-de-diseno-para-potenciar-el-amor\/\" target=\"_blank\" rel=\"noopener\">\u201cEspecial San Valent\u00edn: Recursos de dise\u00f1o para potenciar el amor\u201d<\/a>,\u00a0<a href=\"https:\/\/truyol.com\/blog\/2019\/01\/24\/disenos-para-enamorar-y-vender-mucho-en-la-campana-de-san-valentin\/\" target=\"_blank\" rel=\"noopener\">\u201cDise\u00f1os para enamorar y vender (mucho) en la campa\u00f1a de San Valent\u00edn\u201d<\/a> y \u201c<a href=\"https:\/\/truyol.com\/blog\/2018\/01\/30\/disenos-creativos-para-san-valentin\/\" target=\"_blank\" rel=\"noopener\">Dise\u00f1os creativos para San Valent\u00edn\u201d.\u00a0<\/a><\/p>\t\t\t\t\t\t\t\t<\/div>\n\t\t\t\t<\/div>\n\t\t\t\t\t<\/div>\n\t\t<\/div>\n\t\t\t\t\t<\/div>\n\t\t<\/section>\n\t\t\t\t<\/div>\n\t\t","protected":false},"excerpt":{"rendered":"<p>Tenemos una buena noticia para los comercios: El amor obnubila la raz\u00f3n. La campa\u00f1a de San Valent\u00edn es una oportunidad para aumentar las ventas. Te damos las claves para sacarle el m\u00e1ximo provecho.<\/p>\n","protected":false},"author":3,"featured_media":14819,"comment_status":"open","ping_status":"open","sticky":false,"template":"","format":"standard","meta":{"footnotes":""},"categories":[5],"tags":[50,559,282],"class_list":["post-3341","post","type-post","status-publish","format-standard","has-post-thumbnail","hentry","category-ideas-creativas","tag-packaging","tag-retail","tag-san-valentin"],"yoast_head":"<!-- This site is optimized with the Yoast SEO Premium plugin v22.1 (Yoast SEO v26.8) - https:\/\/yoast.com\/product\/yoast-seo-premium-wordpress\/ -->\n<title>Tres pasos para crear campa\u00f1a de San Valent\u00edn para pasteler\u00eda- Blog Truyol<\/title>\n<meta name=\"description\" content=\"Tenemos una buena noticia para los comercios: El amor obnubila la raz\u00f3n. La campa\u00f1a de San Valent\u00edn es una oportunidad para aumentar las ventas. Te damos las claves para sacarle el m\u00e1ximo provecho.\" \/>\n<meta name=\"robots\" content=\"index, follow, max-snippet:-1, max-image-preview:large, max-video-preview:-1\" \/>\n<link rel=\"canonical\" href=\"https:\/\/truyol.com\/blog\/tres-pasos-para-crear-una-dulce-y-exitosa-campana-de-san-valentin\/\" \/>\n<meta property=\"og:locale\" content=\"es_ES\" \/>\n<meta property=\"og:type\" content=\"article\" \/>\n<meta property=\"og:title\" content=\"Tres pasos para crear campa\u00f1a de San Valent\u00edn para pasteler\u00eda- Blog Truyol\" \/>\n<meta property=\"og:description\" content=\"Tenemos una buena noticia para los comercios: El amor obnubila la raz\u00f3n. La campa\u00f1a de San Valent\u00edn es una oportunidad para aumentar las ventas. Te damos las claves para sacarle el m\u00e1ximo provecho.\" \/>\n<meta property=\"og:url\" content=\"https:\/\/truyol.com\/blog\/tres-pasos-para-crear-una-dulce-y-exitosa-campana-de-san-valentin\/\" \/>\n<meta property=\"og:site_name\" content=\"Blog Truyol\" \/>\n<meta property=\"article:publisher\" content=\"https:\/\/www.facebook.com\/TruyolDigital\/\" \/>\n<meta property=\"article:published_time\" content=\"2021-02-03T10:46:28+00:00\" \/>\n<meta property=\"article:modified_time\" content=\"2024-09-23T12:57:05+00:00\" \/>\n<meta property=\"og:image\" content=\"https:\/\/truyol.com\/blog\/wp-content\/uploads\/2021\/02\/PORTADA.jpg\" \/>\n\t<meta property=\"og:image:width\" content=\"1500\" \/>\n\t<meta property=\"og:image:height\" content=\"937\" \/>\n\t<meta property=\"og:image:type\" content=\"image\/jpeg\" \/>\n<meta name=\"author\" content=\"Truyol\" \/>\n<meta name=\"twitter:card\" content=\"summary_large_image\" \/>\n<meta name=\"twitter:image\" content=\"https:\/\/truyol.com\/blog\/wp-content\/uploads\/2021\/02\/PORTADA.jpg\" \/>\n<meta name=\"twitter:creator\" content=\"@truyoldigital\" \/>\n<meta name=\"twitter:site\" content=\"@truyoldigital\" \/>\n<meta name=\"twitter:label1\" content=\"Escrito por\" \/>\n\t<meta name=\"twitter:data1\" content=\"Truyol\" \/>\n\t<meta name=\"twitter:label2\" content=\"Tiempo de lectura\" \/>\n\t<meta name=\"twitter:data2\" content=\"9 minutos\" \/>\n<script type=\"application\/ld+json\" class=\"yoast-schema-graph\">{\"@context\":\"https:\/\/schema.org\",\"@graph\":[{\"@type\":[\"Article\",\"BlogPosting\"],\"@id\":\"https:\/\/truyol.com\/blog\/tres-pasos-para-crear-una-dulce-y-exitosa-campana-de-san-valentin\/#article\",\"isPartOf\":{\"@id\":\"https:\/\/truyol.com\/blog\/tres-pasos-para-crear-una-dulce-y-exitosa-campana-de-san-valentin\/\"},\"author\":{\"name\":\"Truyol\",\"@id\":\"https:\/\/truyol.com\/blog\/#\/schema\/person\/687052256b87b8ba29644f9e6839a3cb\"},\"headline\":\"Tres pasos para crear una dulce y exitosa campa\u00f1a de San Valent\u00edn\",\"datePublished\":\"2021-02-03T10:46:28+00:00\",\"dateModified\":\"2024-09-23T12:57:05+00:00\",\"mainEntityOfPage\":{\"@id\":\"https:\/\/truyol.com\/blog\/tres-pasos-para-crear-una-dulce-y-exitosa-campana-de-san-valentin\/\"},\"wordCount\":1516,\"commentCount\":0,\"publisher\":{\"@id\":\"https:\/\/truyol.com\/blog\/#organization\"},\"image\":{\"@id\":\"https:\/\/truyol.com\/blog\/tres-pasos-para-crear-una-dulce-y-exitosa-campana-de-san-valentin\/#primaryimage\"},\"thumbnailUrl\":\"https:\/\/truyol.com\/blog\/wp-content\/uploads\/2021\/02\/SAN-VALENTIN-PACKAGING-DECORACION.jpg\",\"keywords\":[\"packaging\",\"retail\",\"san valent\u00edn\"],\"articleSection\":[\"Ideas Creativas\"],\"inLanguage\":\"es\",\"potentialAction\":[{\"@type\":\"CommentAction\",\"name\":\"Comment\",\"target\":[\"https:\/\/truyol.com\/blog\/tres-pasos-para-crear-una-dulce-y-exitosa-campana-de-san-valentin\/#respond\"]}]},{\"@type\":[\"WebPage\",\"ItemPage\"],\"@id\":\"https:\/\/truyol.com\/blog\/tres-pasos-para-crear-una-dulce-y-exitosa-campana-de-san-valentin\/\",\"url\":\"https:\/\/truyol.com\/blog\/tres-pasos-para-crear-una-dulce-y-exitosa-campana-de-san-valentin\/\",\"name\":\"Tres pasos para crear campa\u00f1a de San Valent\u00edn para pasteler\u00eda- Blog Truyol\",\"isPartOf\":{\"@id\":\"https:\/\/truyol.com\/blog\/#website\"},\"primaryImageOfPage\":{\"@id\":\"https:\/\/truyol.com\/blog\/tres-pasos-para-crear-una-dulce-y-exitosa-campana-de-san-valentin\/#primaryimage\"},\"image\":{\"@id\":\"https:\/\/truyol.com\/blog\/tres-pasos-para-crear-una-dulce-y-exitosa-campana-de-san-valentin\/#primaryimage\"},\"thumbnailUrl\":\"https:\/\/truyol.com\/blog\/wp-content\/uploads\/2021\/02\/SAN-VALENTIN-PACKAGING-DECORACION.jpg\",\"datePublished\":\"2021-02-03T10:46:28+00:00\",\"dateModified\":\"2024-09-23T12:57:05+00:00\",\"description\":\"Tenemos una buena noticia para los comercios: El amor obnubila la raz\u00f3n. La campa\u00f1a de San Valent\u00edn es una oportunidad para aumentar las ventas. Te damos las claves para sacarle el m\u00e1ximo provecho.\",\"breadcrumb\":{\"@id\":\"https:\/\/truyol.com\/blog\/tres-pasos-para-crear-una-dulce-y-exitosa-campana-de-san-valentin\/#breadcrumb\"},\"inLanguage\":\"es\",\"potentialAction\":[{\"@type\":\"ReadAction\",\"target\":[\"https:\/\/truyol.com\/blog\/tres-pasos-para-crear-una-dulce-y-exitosa-campana-de-san-valentin\/\"]}]},{\"@type\":\"ImageObject\",\"inLanguage\":\"es\",\"@id\":\"https:\/\/truyol.com\/blog\/tres-pasos-para-crear-una-dulce-y-exitosa-campana-de-san-valentin\/#primaryimage\",\"url\":\"https:\/\/truyol.com\/blog\/wp-content\/uploads\/2021\/02\/SAN-VALENTIN-PACKAGING-DECORACION.jpg\",\"contentUrl\":\"https:\/\/truyol.com\/blog\/wp-content\/uploads\/2021\/02\/SAN-VALENTIN-PACKAGING-DECORACION.jpg\",\"width\":1400,\"height\":819,\"caption\":\"Tres pasos para crear una dulce y exitosa campa\u00f1a de San Valent\u00edn\"},{\"@type\":\"BreadcrumbList\",\"@id\":\"https:\/\/truyol.com\/blog\/tres-pasos-para-crear-una-dulce-y-exitosa-campana-de-san-valentin\/#breadcrumb\",\"itemListElement\":[{\"@type\":\"ListItem\",\"position\":1,\"name\":\"https:\/\/truyol.com\/blog\",\"item\":\"https:\/\/truyol.com\/blog\/\"},{\"@type\":\"ListItem\",\"position\":2,\"name\":\"Tres pasos para crear una dulce y exitosa campa\u00f1a de San Valent\u00edn\"}]},{\"@type\":\"WebSite\",\"@id\":\"https:\/\/truyol.com\/blog\/#website\",\"url\":\"https:\/\/truyol.com\/blog\/\",\"name\":\"Blog Truyol\",\"description\":\"Todo lo que puedes hacer con impresi\u00f3n digital\",\"publisher\":{\"@id\":\"https:\/\/truyol.com\/blog\/#organization\"},\"alternateName\":\"Blog de Dise\u00f1o Editorial, Branding, Packaging y m\u00e1s\",\"potentialAction\":[{\"@type\":\"SearchAction\",\"target\":{\"@type\":\"EntryPoint\",\"urlTemplate\":\"https:\/\/truyol.com\/blog\/?s={search_term_string}\"},\"query-input\":{\"@type\":\"PropertyValueSpecification\",\"valueRequired\":true,\"valueName\":\"search_term_string\"}}],\"inLanguage\":\"es\"},{\"@type\":\"Organization\",\"@id\":\"https:\/\/truyol.com\/blog\/#organization\",\"name\":\"Truyol Digital\",\"alternateName\":\"Blog de Impresi\u00f3n Digital, Dise\u00f1o Editorial, Branding, Packaging y m\u00e1s\",\"url\":\"https:\/\/truyol.com\/blog\/\",\"logo\":{\"@type\":\"ImageObject\",\"inLanguage\":\"es\",\"@id\":\"https:\/\/truyol.com\/blog\/#\/schema\/logo\/image\/\",\"url\":\"https:\/\/truyol.com\/blog\/wp-content\/uploads\/2025\/12\/logo-truyol.png\",\"contentUrl\":\"https:\/\/truyol.com\/blog\/wp-content\/uploads\/2025\/12\/logo-truyol.png\",\"width\":130,\"height\":32,\"caption\":\"Truyol Digital\"},\"image\":{\"@id\":\"https:\/\/truyol.com\/blog\/#\/schema\/logo\/image\/\"},\"sameAs\":[\"https:\/\/www.facebook.com\/TruyolDigital\/\",\"https:\/\/x.com\/truyoldigital\",\"https:\/\/www.instagram.com\/truyoldigital\/\",\"https:\/\/www.linkedin.com\/company\/truyoldigital\",\"https:\/\/www.youtube.com\/channel\/UCyVYR3cNfP0HIONCwxSGplA\"]},{\"@type\":\"Person\",\"@id\":\"https:\/\/truyol.com\/blog\/#\/schema\/person\/687052256b87b8ba29644f9e6839a3cb\",\"name\":\"Truyol\",\"image\":{\"@type\":\"ImageObject\",\"inLanguage\":\"es\",\"@id\":\"https:\/\/truyol.com\/blog\/#\/schema\/person\/image\/\",\"url\":\"https:\/\/secure.gravatar.com\/avatar\/639a3919cfa06cd1ad18f3f33dbcb0ddc278594b472cdeec917e25db5c45ece8?s=96&d=mm&r=g\",\"contentUrl\":\"https:\/\/secure.gravatar.com\/avatar\/639a3919cfa06cd1ad18f3f33dbcb0ddc278594b472cdeec917e25db5c45ece8?s=96&d=mm&r=g\",\"caption\":\"Truyol\"},\"sameAs\":[\"https:\/\/truyol.com\/\"],\"url\":\"https:\/\/truyol.com\/blog\/author\/marketing\/\"}]}<\/script>\n<!-- \/ Yoast SEO Premium plugin. -->","yoast_head_json":{"title":"Tres pasos para crear campa\u00f1a de San Valent\u00edn para pasteler\u00eda- Blog Truyol","description":"Tenemos una buena noticia para los comercios: El amor obnubila la raz\u00f3n. La campa\u00f1a de San Valent\u00edn es una oportunidad para aumentar las ventas. Te damos las claves para sacarle el m\u00e1ximo provecho.","robots":{"index":"index","follow":"follow","max-snippet":"max-snippet:-1","max-image-preview":"max-image-preview:large","max-video-preview":"max-video-preview:-1"},"canonical":"https:\/\/truyol.com\/blog\/tres-pasos-para-crear-una-dulce-y-exitosa-campana-de-san-valentin\/","og_locale":"es_ES","og_type":"article","og_title":"Tres pasos para crear campa\u00f1a de San Valent\u00edn para pasteler\u00eda- Blog Truyol","og_description":"Tenemos una buena noticia para los comercios: El amor obnubila la raz\u00f3n. La campa\u00f1a de San Valent\u00edn es una oportunidad para aumentar las ventas. Te damos las claves para sacarle el m\u00e1ximo provecho.","og_url":"https:\/\/truyol.com\/blog\/tres-pasos-para-crear-una-dulce-y-exitosa-campana-de-san-valentin\/","og_site_name":"Blog Truyol","article_publisher":"https:\/\/www.facebook.com\/TruyolDigital\/","article_published_time":"2021-02-03T10:46:28+00:00","article_modified_time":"2024-09-23T12:57:05+00:00","og_image":[{"width":1500,"height":937,"url":"https:\/\/truyol.com\/blog\/wp-content\/uploads\/2021\/02\/PORTADA.jpg","type":"image\/jpeg"}],"author":"Truyol","twitter_card":"summary_large_image","twitter_image":"https:\/\/truyol.com\/blog\/wp-content\/uploads\/2021\/02\/PORTADA.jpg","twitter_creator":"@truyoldigital","twitter_site":"@truyoldigital","twitter_misc":{"Escrito por":"Truyol","Tiempo de lectura":"9 minutos"},"schema":{"@context":"https:\/\/schema.org","@graph":[{"@type":["Article","BlogPosting"],"@id":"https:\/\/truyol.com\/blog\/tres-pasos-para-crear-una-dulce-y-exitosa-campana-de-san-valentin\/#article","isPartOf":{"@id":"https:\/\/truyol.com\/blog\/tres-pasos-para-crear-una-dulce-y-exitosa-campana-de-san-valentin\/"},"author":{"name":"Truyol","@id":"https:\/\/truyol.com\/blog\/#\/schema\/person\/687052256b87b8ba29644f9e6839a3cb"},"headline":"Tres pasos para crear una dulce y exitosa campa\u00f1a de San Valent\u00edn","datePublished":"2021-02-03T10:46:28+00:00","dateModified":"2024-09-23T12:57:05+00:00","mainEntityOfPage":{"@id":"https:\/\/truyol.com\/blog\/tres-pasos-para-crear-una-dulce-y-exitosa-campana-de-san-valentin\/"},"wordCount":1516,"commentCount":0,"publisher":{"@id":"https:\/\/truyol.com\/blog\/#organization"},"image":{"@id":"https:\/\/truyol.com\/blog\/tres-pasos-para-crear-una-dulce-y-exitosa-campana-de-san-valentin\/#primaryimage"},"thumbnailUrl":"https:\/\/truyol.com\/blog\/wp-content\/uploads\/2021\/02\/SAN-VALENTIN-PACKAGING-DECORACION.jpg","keywords":["packaging","retail","san valent\u00edn"],"articleSection":["Ideas Creativas"],"inLanguage":"es","potentialAction":[{"@type":"CommentAction","name":"Comment","target":["https:\/\/truyol.com\/blog\/tres-pasos-para-crear-una-dulce-y-exitosa-campana-de-san-valentin\/#respond"]}]},{"@type":["WebPage","ItemPage"],"@id":"https:\/\/truyol.com\/blog\/tres-pasos-para-crear-una-dulce-y-exitosa-campana-de-san-valentin\/","url":"https:\/\/truyol.com\/blog\/tres-pasos-para-crear-una-dulce-y-exitosa-campana-de-san-valentin\/","name":"Tres pasos para crear campa\u00f1a de San Valent\u00edn para pasteler\u00eda- Blog Truyol","isPartOf":{"@id":"https:\/\/truyol.com\/blog\/#website"},"primaryImageOfPage":{"@id":"https:\/\/truyol.com\/blog\/tres-pasos-para-crear-una-dulce-y-exitosa-campana-de-san-valentin\/#primaryimage"},"image":{"@id":"https:\/\/truyol.com\/blog\/tres-pasos-para-crear-una-dulce-y-exitosa-campana-de-san-valentin\/#primaryimage"},"thumbnailUrl":"https:\/\/truyol.com\/blog\/wp-content\/uploads\/2021\/02\/SAN-VALENTIN-PACKAGING-DECORACION.jpg","datePublished":"2021-02-03T10:46:28+00:00","dateModified":"2024-09-23T12:57:05+00:00","description":"Tenemos una buena noticia para los comercios: El amor obnubila la raz\u00f3n. La campa\u00f1a de San Valent\u00edn es una oportunidad para aumentar las ventas. Te damos las claves para sacarle el m\u00e1ximo provecho.","breadcrumb":{"@id":"https:\/\/truyol.com\/blog\/tres-pasos-para-crear-una-dulce-y-exitosa-campana-de-san-valentin\/#breadcrumb"},"inLanguage":"es","potentialAction":[{"@type":"ReadAction","target":["https:\/\/truyol.com\/blog\/tres-pasos-para-crear-una-dulce-y-exitosa-campana-de-san-valentin\/"]}]},{"@type":"ImageObject","inLanguage":"es","@id":"https:\/\/truyol.com\/blog\/tres-pasos-para-crear-una-dulce-y-exitosa-campana-de-san-valentin\/#primaryimage","url":"https:\/\/truyol.com\/blog\/wp-content\/uploads\/2021\/02\/SAN-VALENTIN-PACKAGING-DECORACION.jpg","contentUrl":"https:\/\/truyol.com\/blog\/wp-content\/uploads\/2021\/02\/SAN-VALENTIN-PACKAGING-DECORACION.jpg","width":1400,"height":819,"caption":"Tres pasos para crear una dulce y exitosa campa\u00f1a de San Valent\u00edn"},{"@type":"BreadcrumbList","@id":"https:\/\/truyol.com\/blog\/tres-pasos-para-crear-una-dulce-y-exitosa-campana-de-san-valentin\/#breadcrumb","itemListElement":[{"@type":"ListItem","position":1,"name":"https:\/\/truyol.com\/blog","item":"https:\/\/truyol.com\/blog\/"},{"@type":"ListItem","position":2,"name":"Tres pasos para crear una dulce y exitosa campa\u00f1a de San Valent\u00edn"}]},{"@type":"WebSite","@id":"https:\/\/truyol.com\/blog\/#website","url":"https:\/\/truyol.com\/blog\/","name":"Blog Truyol","description":"Todo lo que puedes hacer con impresi\u00f3n digital","publisher":{"@id":"https:\/\/truyol.com\/blog\/#organization"},"alternateName":"Blog de Dise\u00f1o Editorial, Branding, Packaging y m\u00e1s","potentialAction":[{"@type":"SearchAction","target":{"@type":"EntryPoint","urlTemplate":"https:\/\/truyol.com\/blog\/?s={search_term_string}"},"query-input":{"@type":"PropertyValueSpecification","valueRequired":true,"valueName":"search_term_string"}}],"inLanguage":"es"},{"@type":"Organization","@id":"https:\/\/truyol.com\/blog\/#organization","name":"Truyol Digital","alternateName":"Blog de Impresi\u00f3n Digital, Dise\u00f1o Editorial, Branding, Packaging y m\u00e1s","url":"https:\/\/truyol.com\/blog\/","logo":{"@type":"ImageObject","inLanguage":"es","@id":"https:\/\/truyol.com\/blog\/#\/schema\/logo\/image\/","url":"https:\/\/truyol.com\/blog\/wp-content\/uploads\/2025\/12\/logo-truyol.png","contentUrl":"https:\/\/truyol.com\/blog\/wp-content\/uploads\/2025\/12\/logo-truyol.png","width":130,"height":32,"caption":"Truyol Digital"},"image":{"@id":"https:\/\/truyol.com\/blog\/#\/schema\/logo\/image\/"},"sameAs":["https:\/\/www.facebook.com\/TruyolDigital\/","https:\/\/x.com\/truyoldigital","https:\/\/www.instagram.com\/truyoldigital\/","https:\/\/www.linkedin.com\/company\/truyoldigital","https:\/\/www.youtube.com\/channel\/UCyVYR3cNfP0HIONCwxSGplA"]},{"@type":"Person","@id":"https:\/\/truyol.com\/blog\/#\/schema\/person\/687052256b87b8ba29644f9e6839a3cb","name":"Truyol","image":{"@type":"ImageObject","inLanguage":"es","@id":"https:\/\/truyol.com\/blog\/#\/schema\/person\/image\/","url":"https:\/\/secure.gravatar.com\/avatar\/639a3919cfa06cd1ad18f3f33dbcb0ddc278594b472cdeec917e25db5c45ece8?s=96&d=mm&r=g","contentUrl":"https:\/\/secure.gravatar.com\/avatar\/639a3919cfa06cd1ad18f3f33dbcb0ddc278594b472cdeec917e25db5c45ece8?s=96&d=mm&r=g","caption":"Truyol"},"sameAs":["https:\/\/truyol.com\/"],"url":"https:\/\/truyol.com\/blog\/author\/marketing\/"}]}},"_links":{"self":[{"href":"https:\/\/truyol.com/blog\/wp-json\/wp\/v2\/posts\/3341","targetHints":{"allow":["GET"]}}],"collection":[{"href":"https:\/\/truyol.com/blog\/wp-json\/wp\/v2\/posts"}],"about":[{"href":"https:\/\/truyol.com/blog\/wp-json\/wp\/v2\/types\/post"}],"author":[{"embeddable":true,"href":"https:\/\/truyol.com/blog\/wp-json\/wp\/v2\/users\/3"}],"replies":[{"embeddable":true,"href":"https:\/\/truyol.com/blog\/wp-json\/wp\/v2\/comments?post=3341"}],"version-history":[{"count":18,"href":"https:\/\/truyol.com/blog\/wp-json\/wp\/v2\/posts\/3341\/revisions"}],"predecessor-version":[{"id":5231,"href":"https:\/\/truyol.com/blog\/wp-json\/wp\/v2\/posts\/3341\/revisions\/5231"}],"wp:featuredmedia":[{"embeddable":true,"href":"https:\/\/truyol.com/blog\/wp-json\/wp\/v2\/media\/14819"}],"wp:attachment":[{"href":"https:\/\/truyol.com/blog\/wp-json\/wp\/v2\/media?parent=3341"}],"wp:term":[{"taxonomy":"category","embeddable":true,"href":"https:\/\/truyol.com/blog\/wp-json\/wp\/v2\/categories?post=3341"},{"taxonomy":"post_tag","embeddable":true,"href":"https:\/\/truyol.com/blog\/wp-json\/wp\/v2\/tags?post=3341"}],"curies":[{"name":"wp","href":"https:\/\/api.w.org\/{rel}","templated":true}]}}